{"id":11867,"date":"2020-01-07T16:58:32","date_gmt":"2020-01-07T19:58:32","guid":{"rendered":"https:\/\/www.viajuntos.com.br\/wordpress\/?p=11867"},"modified":"2020-02-10T13:33:48","modified_gmt":"2020-02-10T16:33:48","slug":"2020-farol-de-santa-marta-sc","status":"publish","type":"post","link":"https:\/\/viajuntos.com.br\/wordpress\/2020-farol-de-santa-marta-sc\/","title":{"rendered":"2020 &#8211; Farol de Santa Marta \/ SC"},"content":{"rendered":"\n<h3>Praia para quem gosta de descanso e calmaria. \u00d3tima tamb\u00e9m para os aventureiros desbravadores que buscam natureza, trilhas, pedal, standup, caiaque.. Existe um lugarzinho especial para cada tipo de aventureiro. <\/h3>\n\n\n\n<h3>Ficamos 3 dias e ainda faltou lugares para conhecer. Dessa vez, fizemos um passeio a p\u00e9, um de bike, e uma trilha mais longa (16km). Aqui est\u00e3o algumas fotos desse lugarzinho maravilhoso que j\u00e1 ganhou nosso \u2764<\/h3>\n\n\n\n<h3> Um abra\u00e7o e at\u00e9 a pr\u00f3xima aventura! <\/h3>\n\n\n\n<div class=\"wp-block-gmedia-album gmedia-shortcode\"><div class=\"gmedia_gallery amron_module is_bot\" id=\"GmediaGallery_63\" data-gmid=\"63\" data-module=\"amron\"><script type=\"text\/javascript\">\n\t(function() {\n\t\tthis['GmediaGallery_63'] = {\n\t\t\t'settings':{\"collectionThumbRecomendedWidth\":\"260\",\"collectionPreloaderColor\":\"333333\",\"linkTargetWindow\":\"_blank\",\"thumbSpacing\":\"10\",\"tagsFilter\":\"1\",\"tagCloudAll\":\"All\",\"tagCloudTextColor\":\"rgba(0, 0, 0, 1)\",\"tagCloudTextColorOver\":\"rgba(255,255, 255, 1)\",\"tagCloudBgColor\":\"rgba(211, 211, 211, 1)\",\"tagCloudBgColorOver\":\"rgba(11, 11, 11, 1)\",\"collectionThumbHoverColor\":\"rgba(0, 0, 0, .7)\",\"collectionThumbContentBGColor\":\"rgba(245,245,245,1)\",\"collectionThumbTitleShow\":\"1\",\"collectionThumbTitleColor\":\"rgba(0,0,0,1)\",\"collectionThumbFontSize\":\"18\",\"collectionThumbDescriptionShow\":\"1\",\"collectionThumbDescriptionColor\":\"rgba(0,0,0,1)\",\"collectionThumbDescriptionFontSize\":\"15\",\"collectionReadMoreButtonLabel\":\"Read More\",\"collectionReadMoreButtonLabelColor\":\"rgba(255, 255, 255, 1)\",\"collectionReadMoreButtonBGColor\":\"rgba(0, 0, 0, 1)\",\"collectionReadMoreButtonLabelColorHover\":\"rgba(0, 0, 0, 1)\",\"collectionReadMoreButtonBGColorHover\":\"rgba(235,235,235,1)\",\"modaBgColor\":\"rgba(0,0,0,0.9)\",\"modalInfoBoxBgColor\":\"rgba(255,255,255,1)\",\"modalInfoBoxTitleTextColor\":\"000000\",\"modalInfoBoxTextColor\":\"333333\",\"infoBarCountersEnable\":\"1\",\"infoBarDateInfoEnable\":\"1\",\"lightBoxEnable\":\"1\",\"sliderPreloaderColor\":\"ffffff\",\"sliderBgColor\":\"rgba(0,0,0,0.8)\",\"sliderHeaderFooterBgColor\":\"000000\",\"sliderNavigationColor\":\"rgba(0,0,0,1)\",\"sliderNavigationIconColor\":\"rgba(255,255,255,1)\",\"sliderNavigationColorOver\":\"rgba(255,255,255,1)\",\"sliderNavigationIconColorOver\":\"rgba(0,0,0,1)\",\"sliderItemTitleFontSize\":\"24\",\"sliderItemTitleTextColor\":\"ffffff\",\"sliderThumbBarEnable\":\"0\",\"sliderThumbBarHoverColor\":\"ffffff\",\"sliderThumbSubMenuBackgroundColor\":\"rgba(0,0,0,1)\",\"sliderThumbSubMenuBackgroundColorOver\":\"rgba(255,255,255,1)\",\"sliderThumbSubMenuIconColor\":\"rgba(255,255,255,1)\",\"sliderThumbSubMenuIconHoverColor\":\"rgba(0,0,0,1)\",\"sliderInfoEnable\":\"1\",\"sliderItemDownload\":\"1\",\"sliderItemDiscuss\":\"1\",\"sliderSocialShareEnabled\":\"1\",\"sliderLikesEnabled\":\"1\",\"customCSS\":\"\",\"module_url\":\"https:\\\/\\\/viajuntos.com.br\\\/wordpress\\\/wp-content\\\/plugins\\\/grand-media\\\/module\\\/amron\",\"license\":\"\",\"post_url\":\"https:\\\/\\\/viajuntos.com.br\\\/wordpress\\\/wp-json\\\/wp\\\/v2\\\/posts\\\/11867\"},\n\t\t\t'appQuery':{\"orderby\":\"ID\",\"order\":\"DESC\",\"album__in\":\"63\",\"status\":[\"publish\"],\"limit\":100},\n\t\t\t'appApi':\"https:\\\/\\\/viajuntos.com.br\\\/wordpress\\\/?gmedia-app=1&gmappversion=4&gmmodule=1\",\n\t\t\t'appInfo':{\"name\":\"2020 - Farol de Santa Marta\",\"description\":\"\"}};\n\t})();\n<\/script>\n<\/div><\/div>\n","protected":false},"excerpt":{"rendered":"<p>Praia para quem gosta de descanso e calmaria. \u00d3tima tamb\u00e9m para os aventureiros desbravadores que buscam natureza, trilhas, pedal, standup, [&hellip;]<\/p>\n","protected":false},"author":2,"featured_media":11874,"comment_status":"open","ping_status":"open","sticky":false,"template":"","format":"standard","meta":[],"categories":[1],"tags":[],"_links":{"self":[{"href":"https:\/\/viajuntos.com.br\/wordpress\/wp-json\/wp\/v2\/posts\/11867"}],"collection":[{"href":"https:\/\/viajuntos.com.br\/wordpress\/wp-json\/wp\/v2\/posts"}],"about":[{"href":"https:\/\/viajuntos.com.br\/wordpress\/wp-json\/wp\/v2\/types\/post"}],"author":[{"embeddable":true,"href":"https:\/\/viajuntos.com.br\/wordpress\/wp-json\/wp\/v2\/users\/2"}],"replies":[{"embeddable":true,"href":"https:\/\/viajuntos.com.br\/wordpress\/wp-json\/wp\/v2\/comments?post=11867"}],"version-history":[{"count":3,"href":"https:\/\/viajuntos.com.br\/wordpress\/wp-json\/wp\/v2\/posts\/11867\/revisions"}],"predecessor-version":[{"id":11888,"href":"https:\/\/viajuntos.com.br\/wordpress\/wp-json\/wp\/v2\/posts\/11867\/revisions\/11888"}],"wp:featuredmedia":[{"embeddable":true,"href":"https:\/\/viajuntos.com.br\/wordpress\/wp-json\/wp\/v2\/media\/11874"}],"wp:attachment":[{"href":"https:\/\/viajuntos.com.br\/wordpress\/wp-json\/wp\/v2\/media?parent=11867"}],"wp:term":[{"taxonomy":"category","embeddable":true,"href":"https:\/\/viajuntos.com.br\/wordpress\/wp-json\/wp\/v2\/categories?post=11867"},{"taxonomy":"post_tag","embeddable":true,"href":"https:\/\/viajuntos.com.br\/wordpress\/wp-json\/wp\/v2\/tags?post=11867"}],"curies":[{"name":"wp","href":"https:\/\/api.w.org\/{rel}","templated":true}]}}