{"id":12955,"date":"2021-02-12T14:43:10","date_gmt":"2021-02-12T17:43:10","guid":{"rendered":"https:\/\/viajuntos.com.br\/wordpress\/?p=12955"},"modified":"2021-02-12T14:44:13","modified_gmt":"2021-02-12T17:44:13","slug":"2021-jaquirana-rs","status":"publish","type":"post","link":"https:\/\/viajuntos.com.br\/wordpress\/2021-jaquirana-rs\/","title":{"rendered":"2021 &#8211; Jaquirana\/RS"},"content":{"rendered":"\n<p>Este\npasseio foi indica\u00e7\u00e3o de uma amiga querida, a prof\u00aa Let\u00edcia, que por sua vez,\nsoube por uma sobrinha. Assim, se forma uma rede de viajantes que leva\ninforma\u00e7\u00e3o e descobertas por aqui e por ali.<\/p>\n\n\n\n<p>Nosso roteiro incluiu a casa da prof\u00aa, o segundo ponto de parada foi o Templo Budista em Tr\u00eas Cor\u00f4as, que est\u00e1 fechado devido a pandemia Covid-19. Ap\u00f3s este pequeno contratempo, seguimos viagem at\u00e9 S\u00e3o Francisco de Paula. O ponto mais visitado da cidade \u00e9 o lago S\u00e3o Bernardo, n\u00f3s j\u00e1 fomos l\u00e1 v\u00e1rias vezes, temos algumas hist\u00f3rias engra\u00e7adas por l\u00e1, mas n\u00e3o cansamos de contemplar aquele lugar. A cada visita o visual \u00e9 diferente, dependendo da esta\u00e7\u00e3o, as \u00e1rvores est\u00e3o mais coloridas ou mais secas, o que muda todo o cen\u00e1rio. Ao fundo o hotel Cavalo Branco, tamb\u00e9m muito conhecido por l\u00e1, d\u00e1 um toque especial a paisagem.<\/p>\n\n\n\n<p class=\"has-text-align-center\"><img decoding=\"async\" loading=\"lazy\" width=\"600\" height=\"800\" class=\"wp-image-12956\" style=\"width: 300px;\" src=\"https:\/\/viajuntos.com.br\/wordpress\/wp-content\/uploads\/2021\/02\/Image0006-rotated.jpg\" alt=\"\" srcset=\"https:\/\/viajuntos.com.br\/wordpress\/wp-content\/uploads\/2021\/02\/Image0006-rotated.jpg 600w, https:\/\/viajuntos.com.br\/wordpress\/wp-content\/uploads\/2021\/02\/Image0006-225x300.jpg 225w\" sizes=\"(max-width: 600px) 100vw, 600px\" \/><\/p>\n\n\n\n<p>Primeiro\nponto oficial de parada, j\u00e1 tinha que ter aventura, claro! Prof\u00aa Leticia e seus\nfilhos, Lucas e Luana n\u00e3o esperavam por um passeio de pedalinho no lago. Era a\nprimeira vez da Luana, ent\u00e3o n\u00e3o perder\u00edamos esta oportunidade. At\u00e9 a pequena\nL\u00edvia aventureira se arriscou, se esticou toda e dirigiu o pedalinho, colecionando\nmais um momento memor\u00e1vel \u00e0 sua hist\u00f3ria.<\/p>\n\n\n\n<h2 class=\"has-text-align-center\"><img decoding=\"async\" loading=\"lazy\" width=\"1280\" height=\"960\" class=\"wp-image-12976\" style=\"width: 400px;\" src=\"https:\/\/viajuntos.com.br\/wordpress\/wp-content\/uploads\/2021\/02\/9314700f-4847-4597-8bc1-d1bd489b583f.jpg\" alt=\"\" srcset=\"https:\/\/viajuntos.com.br\/wordpress\/wp-content\/uploads\/2021\/02\/9314700f-4847-4597-8bc1-d1bd489b583f.jpg 1280w, https:\/\/viajuntos.com.br\/wordpress\/wp-content\/uploads\/2021\/02\/9314700f-4847-4597-8bc1-d1bd489b583f-300x225.jpg 300w, https:\/\/viajuntos.com.br\/wordpress\/wp-content\/uploads\/2021\/02\/9314700f-4847-4597-8bc1-d1bd489b583f-1024x768.jpg 1024w, https:\/\/viajuntos.com.br\/wordpress\/wp-content\/uploads\/2021\/02\/9314700f-4847-4597-8bc1-d1bd489b583f-768x576.jpg 768w, https:\/\/viajuntos.com.br\/wordpress\/wp-content\/uploads\/2021\/02\/9314700f-4847-4597-8bc1-d1bd489b583f-360x270.jpg 360w\" sizes=\"(max-width: 1280px) 100vw, 1280px\" \/><\/h2>\n\n\n\n<p class=\"has-text-align-center\"><img decoding=\"async\" loading=\"lazy\" width=\"1280\" height=\"960\" class=\"wp-image-12975\" style=\"width: 400px;\" src=\"https:\/\/viajuntos.com.br\/wordpress\/wp-content\/uploads\/2021\/02\/5841fa06-4cfa-47de-aead-53bc4c5eb6d7.jpg\" alt=\"\" srcset=\"https:\/\/viajuntos.com.br\/wordpress\/wp-content\/uploads\/2021\/02\/5841fa06-4cfa-47de-aead-53bc4c5eb6d7.jpg 1280w, https:\/\/viajuntos.com.br\/wordpress\/wp-content\/uploads\/2021\/02\/5841fa06-4cfa-47de-aead-53bc4c5eb6d7-300x225.jpg 300w, https:\/\/viajuntos.com.br\/wordpress\/wp-content\/uploads\/2021\/02\/5841fa06-4cfa-47de-aead-53bc4c5eb6d7-1024x768.jpg 1024w, https:\/\/viajuntos.com.br\/wordpress\/wp-content\/uploads\/2021\/02\/5841fa06-4cfa-47de-aead-53bc4c5eb6d7-768x576.jpg 768w, https:\/\/viajuntos.com.br\/wordpress\/wp-content\/uploads\/2021\/02\/5841fa06-4cfa-47de-aead-53bc4c5eb6d7-360x270.jpg 360w\" sizes=\"(max-width: 1280px) 100vw, 1280px\" \/><\/p>\n\n\n\n<p>Seguimos\nviagem at\u00e9 as proximidades do caf\u00e9 Tainhas, um lugar onde normalmente paramos\npara esticar as pernas, tomar um caf\u00e9 e pegar uns biscoitos para a viagem. Eis\nque de repente os carros param na rodovia. Ficamos sem entender o que\naconteceu, seria um acidente? Sim. Logo fomos para o plano B. N\u00e3o sab\u00edamos\nquanto tempo ficar\u00edamos parados ali, parecia algo recente. Decidimos voltar\nalguns metros na ERS 020, onde est\u00e1vamos e pegar uma rota alternativa para\nescapar daquele trecho parado.<\/p>\n\n\n\n<p>Aqui\ndescrevemos para voc\u00eas mais um momento muito aventureiro desta viagem. A\nestrada n\u00e3o era pavimentada, ou seja, de ch\u00e3o, como costumamos dizer por aqui,\ne era bem ruim. Era bem estreita e com crateras laterais que poderiam\ntranquilamente engolir um carro. A aventura aconteceu quando, al\u00e9m de n\u00f3s, uns\ncaminh\u00f5es de lenha, aquelas toras enormes tiveram a mesma ideia que n\u00f3s, por\u00e9m\nvinham na dire\u00e7\u00e3o contr\u00e1ria. Ficamos muuuuito espremidos num cantinho da\nestrada enquanto eles passavam e rezando para n\u00e3o encostar no carro, nem cair\numa tora gigante em n\u00f3s. UFFFAAA, passou!!! Mais alguns metros e&#8230; O que temos\nna nossa frente? Uma ponte de madeira? Sim!!! Daquelas bem r\u00fasticas que parece\nt\u00e1buas soltas para dar mais um CHECK para nossa aventura.<\/p>\n\n\n\n<p>Ap\u00f3s 210 km\ne muitas aventuras, chegamos ao nosso destino, Jaquirana, mais precisamente na\nPousada Catigu\u00e1. Um lugar encantador, com cabanas bem aconchegantes e a\nrecep\u00e7\u00e3o muito acolhedora do Sr Oveia e esposa. Al\u00e9m das cabanas, os h\u00f3spedes\ntem acesso a um espa\u00e7o amplo de conviv\u00eancia com fog\u00e3o a lenha, churrasqueira,\nmesa de bilhar, poltronas, uma cozinha completa e o silencia que s\u00f3 lugares\ncomo este no interior nos proporciona.<\/p>\n\n\n\n<h2><img decoding=\"async\" loading=\"lazy\" width=\"600\" height=\"800\" class=\"wp-image-12964\" style=\"width: 300px;\" src=\"https:\/\/viajuntos.com.br\/wordpress\/wp-content\/uploads\/2021\/02\/Image0077-1-rotated.jpg\" alt=\"\" srcset=\"https:\/\/viajuntos.com.br\/wordpress\/wp-content\/uploads\/2021\/02\/Image0077-1-rotated.jpg 600w, https:\/\/viajuntos.com.br\/wordpress\/wp-content\/uploads\/2021\/02\/Image0077-1-225x300.jpg 225w\" sizes=\"(max-width: 600px) 100vw, 600px\" \/> <img decoding=\"async\" loading=\"lazy\" width=\"1024\" height=\"768\" class=\"wp-image-12962\" style=\"width: 300px;\" src=\"https:\/\/viajuntos.com.br\/wordpress\/wp-content\/uploads\/2021\/02\/Image0059.jpg\" alt=\"\" srcset=\"https:\/\/viajuntos.com.br\/wordpress\/wp-content\/uploads\/2021\/02\/Image0059.jpg 1024w, https:\/\/viajuntos.com.br\/wordpress\/wp-content\/uploads\/2021\/02\/Image0059-300x225.jpg 300w, https:\/\/viajuntos.com.br\/wordpress\/wp-content\/uploads\/2021\/02\/Image0059-768x576.jpg 768w, https:\/\/viajuntos.com.br\/wordpress\/wp-content\/uploads\/2021\/02\/Image0059-360x270.jpg 360w\" sizes=\"(max-width: 1024px) 100vw, 1024px\" \/><\/h2>\n\n\n\n<p><img decoding=\"async\" loading=\"lazy\" width=\"1024\" height=\"768\" class=\"wp-image-12961\" style=\"width: 300px;\" src=\"https:\/\/viajuntos.com.br\/wordpress\/wp-content\/uploads\/2021\/02\/Image0052.jpg\" alt=\"\" srcset=\"https:\/\/viajuntos.com.br\/wordpress\/wp-content\/uploads\/2021\/02\/Image0052.jpg 1024w, https:\/\/viajuntos.com.br\/wordpress\/wp-content\/uploads\/2021\/02\/Image0052-300x225.jpg 300w, https:\/\/viajuntos.com.br\/wordpress\/wp-content\/uploads\/2021\/02\/Image0052-768x576.jpg 768w, https:\/\/viajuntos.com.br\/wordpress\/wp-content\/uploads\/2021\/02\/Image0052-360x270.jpg 360w\" sizes=\"(max-width: 1024px) 100vw, 1024px\" \/>  <img decoding=\"async\" loading=\"lazy\" width=\"600\" height=\"800\" class=\"wp-image-12960\" style=\"width: 300px;\" src=\"https:\/\/viajuntos.com.br\/wordpress\/wp-content\/uploads\/2021\/02\/Image0046-rotated.jpg\" alt=\"\" srcset=\"https:\/\/viajuntos.com.br\/wordpress\/wp-content\/uploads\/2021\/02\/Image0046-rotated.jpg 600w, https:\/\/viajuntos.com.br\/wordpress\/wp-content\/uploads\/2021\/02\/Image0046-225x300.jpg 225w\" sizes=\"(max-width: 600px) 100vw, 600px\" \/><\/p>\n\n\n\n<p>Seguimos\ncom passeio de cavalo, mais uma aprova\u00e7\u00e3o para os nossos amigos que se\ndivertiram muito. Todos conseguimos dar algumas voltas sozinhos, o que foi\nmuito legal ver os rostos felizes e um pouco apreensivos ao mesmo tempo. Muitas\nemo\u00e7\u00f5es surgem ao fazer algo novo, experimentar, se permitir e tamb\u00e9m, nesse\ncaso, se deixar levar.<\/p>\n\n\n\n<h2 class=\"has-text-align-center\"><img decoding=\"async\" loading=\"lazy\" width=\"2336\" height=\"1312\" class=\"wp-image-12974\" style=\"width: 400px;\" src=\"https:\/\/viajuntos.com.br\/wordpress\/wp-content\/uploads\/2021\/02\/IMG_20210206_170900799-1.jpg\" alt=\"\" srcset=\"https:\/\/viajuntos.com.br\/wordpress\/wp-content\/uploads\/2021\/02\/IMG_20210206_170900799-1.jpg 2336w, https:\/\/viajuntos.com.br\/wordpress\/wp-content\/uploads\/2021\/02\/IMG_20210206_170900799-1-300x168.jpg 300w, https:\/\/viajuntos.com.br\/wordpress\/wp-content\/uploads\/2021\/02\/IMG_20210206_170900799-1-1024x575.jpg 1024w, https:\/\/viajuntos.com.br\/wordpress\/wp-content\/uploads\/2021\/02\/IMG_20210206_170900799-1-768x431.jpg 768w, https:\/\/viajuntos.com.br\/wordpress\/wp-content\/uploads\/2021\/02\/IMG_20210206_170900799-1-1536x863.jpg 1536w, https:\/\/viajuntos.com.br\/wordpress\/wp-content\/uploads\/2021\/02\/IMG_20210206_170900799-1-2048x1150.jpg 2048w\" sizes=\"(max-width: 2336px) 100vw, 2336px\" \/> <\/h2>\n\n\n\n<h2 class=\"has-text-align-center\"><img decoding=\"async\" loading=\"lazy\" width=\"600\" height=\"800\" class=\"wp-image-12963\" style=\"width: 300px;\" src=\"https:\/\/viajuntos.com.br\/wordpress\/wp-content\/uploads\/2021\/02\/Image0063-rotated.jpg\" alt=\"\" srcset=\"https:\/\/viajuntos.com.br\/wordpress\/wp-content\/uploads\/2021\/02\/Image0063-rotated.jpg 600w, https:\/\/viajuntos.com.br\/wordpress\/wp-content\/uploads\/2021\/02\/Image0063-225x300.jpg 225w\" sizes=\"(max-width: 600px) 100vw, 600px\" \/> <\/h2>\n\n\n\n<p>Um\nchurrasquinho bem especial a noite, regado a muitas hist\u00f3rias e um bom vinho,\nn\u00e3o poder\u00edamos finalizar esse dia de um jeito melhor.<\/p>\n\n\n\n<p>Dia 2 \u2013\nHora de conhecer a Cascata dos Ven\u00e2ncios. Que energia tem esse lugar!! A\npot\u00eancia da \u00e1gua, o barulho que faz ao cair e a brisa molhada e geladinha que\npega no rosto \u00e9 uma del\u00edcia!! S\u00e3o 4 cascatas em uma, pontos diferentes de\nvista, quedas impressionantes que talvez por foto voc\u00ea n\u00e3o tenha a mesma dimens\u00e3o\nque temos olhando ela ao vivo. As trilhas s\u00e3o curtas e o n\u00edvel de dificuldade \u00e9\nde f\u00e1cil \u00e0 m\u00e9dio. <\/p>\n\n\n\n<h2><img decoding=\"async\" loading=\"lazy\" width=\"1024\" height=\"768\" class=\"wp-image-12973\" style=\"width: 300px;\" src=\"https:\/\/viajuntos.com.br\/wordpress\/wp-content\/uploads\/2021\/02\/Image0201-1.jpg\" alt=\"\" srcset=\"https:\/\/viajuntos.com.br\/wordpress\/wp-content\/uploads\/2021\/02\/Image0201-1.jpg 1024w, https:\/\/viajuntos.com.br\/wordpress\/wp-content\/uploads\/2021\/02\/Image0201-1-300x225.jpg 300w, https:\/\/viajuntos.com.br\/wordpress\/wp-content\/uploads\/2021\/02\/Image0201-1-768x576.jpg 768w, https:\/\/viajuntos.com.br\/wordpress\/wp-content\/uploads\/2021\/02\/Image0201-1-360x270.jpg 360w\" sizes=\"(max-width: 1024px) 100vw, 1024px\" \/>   <img decoding=\"async\" loading=\"lazy\" width=\"1024\" height=\"768\" class=\"wp-image-12970\" style=\"width: 300px;\" src=\"https:\/\/viajuntos.com.br\/wordpress\/wp-content\/uploads\/2021\/02\/Image0177.jpg\" alt=\"\" srcset=\"https:\/\/viajuntos.com.br\/wordpress\/wp-content\/uploads\/2021\/02\/Image0177.jpg 1024w, https:\/\/viajuntos.com.br\/wordpress\/wp-content\/uploads\/2021\/02\/Image0177-300x225.jpg 300w, https:\/\/viajuntos.com.br\/wordpress\/wp-content\/uploads\/2021\/02\/Image0177-768x576.jpg 768w, https:\/\/viajuntos.com.br\/wordpress\/wp-content\/uploads\/2021\/02\/Image0177-360x270.jpg 360w\" sizes=\"(max-width: 1024px) 100vw, 1024px\" \/><\/h2>\n\n\n\n<h2 class=\"has-text-align-center\"><img decoding=\"async\" loading=\"lazy\" width=\"1024\" height=\"576\" class=\"wp-image-12969\" style=\"width: 400px;\" src=\"https:\/\/viajuntos.com.br\/wordpress\/wp-content\/uploads\/2021\/02\/Image0155.jpg\" alt=\"\" srcset=\"https:\/\/viajuntos.com.br\/wordpress\/wp-content\/uploads\/2021\/02\/Image0155.jpg 1024w, https:\/\/viajuntos.com.br\/wordpress\/wp-content\/uploads\/2021\/02\/Image0155-300x169.jpg 300w, https:\/\/viajuntos.com.br\/wordpress\/wp-content\/uploads\/2021\/02\/Image0155-768x432.jpg 768w\" sizes=\"(max-width: 1024px) 100vw, 1024px\" \/><\/h2>\n\n\n\n<p><img decoding=\"async\" loading=\"lazy\" width=\"1024\" height=\"768\" class=\"wp-image-12968\" style=\"width: 300px;\" src=\"https:\/\/viajuntos.com.br\/wordpress\/wp-content\/uploads\/2021\/02\/Image0148.jpg\" alt=\"\" srcset=\"https:\/\/viajuntos.com.br\/wordpress\/wp-content\/uploads\/2021\/02\/Image0148.jpg 1024w, https:\/\/viajuntos.com.br\/wordpress\/wp-content\/uploads\/2021\/02\/Image0148-300x225.jpg 300w, https:\/\/viajuntos.com.br\/wordpress\/wp-content\/uploads\/2021\/02\/Image0148-768x576.jpg 768w, https:\/\/viajuntos.com.br\/wordpress\/wp-content\/uploads\/2021\/02\/Image0148-360x270.jpg 360w\" sizes=\"(max-width: 1024px) 100vw, 1024px\" \/>         <img decoding=\"async\" loading=\"lazy\" width=\"1024\" height=\"576\" class=\"wp-image-12967\" style=\"width: 300px;\" src=\"https:\/\/viajuntos.com.br\/wordpress\/wp-content\/uploads\/2021\/02\/Image0134.jpg\" alt=\"\" srcset=\"https:\/\/viajuntos.com.br\/wordpress\/wp-content\/uploads\/2021\/02\/Image0134.jpg 1024w, https:\/\/viajuntos.com.br\/wordpress\/wp-content\/uploads\/2021\/02\/Image0134-300x169.jpg 300w, https:\/\/viajuntos.com.br\/wordpress\/wp-content\/uploads\/2021\/02\/Image0134-768x432.jpg 768w\" sizes=\"(max-width: 1024px) 100vw, 1024px\" \/><\/p>\n\n\n\n<p class=\"has-text-align-center\"><img decoding=\"async\" loading=\"lazy\" width=\"1024\" height=\"768\" class=\"wp-image-12965\" style=\"width: 300px;\" src=\"https:\/\/viajuntos.com.br\/wordpress\/wp-content\/uploads\/2021\/02\/Image0093.jpg\" alt=\"\" srcset=\"https:\/\/viajuntos.com.br\/wordpress\/wp-content\/uploads\/2021\/02\/Image0093.jpg 1024w, https:\/\/viajuntos.com.br\/wordpress\/wp-content\/uploads\/2021\/02\/Image0093-300x225.jpg 300w, https:\/\/viajuntos.com.br\/wordpress\/wp-content\/uploads\/2021\/02\/Image0093-768x576.jpg 768w, https:\/\/viajuntos.com.br\/wordpress\/wp-content\/uploads\/2021\/02\/Image0093-360x270.jpg 360w\" sizes=\"(max-width: 1024px) 100vw, 1024px\" \/><\/p>\n\n\n\n<p>Hora de voltar\npra casa, finalizamos o nosso passeio com mais um churrasco, dessa vez na nossa\nchurrasqueira port\u00e1til e na beira da estrada, bem improvisado e bem gostoso\ncomo sempre.<\/p>\n\n\n\n<p>Um abra\u00e7o\ndesse casal aventureiro e at\u00e9 a pr\u00f3xima!<\/p>\n\n\n\n<p>Se voc\u00ea\ngosta desse tipo de viagem\/aventura, nos acompanha no youtube.<\/p>\n\n\n\n<figure class=\"wp-block-embed-youtube wp-block-embed is-type-video is-provider-youtube wp-embed-aspect-16-9 wp-has-aspect-ratio\"><div class=\"wp-block-embed__wrapper\">\n<iframe loading=\"lazy\" title=\"Conhecendo a Cascata dos Ven\u00e2ncios com a fam\u00edlia Garcia\" width=\"640\" height=\"360\" src=\"https:\/\/www.youtube.com\/embed\/1AUMnSBFgG4?feature=oembed\" frameborder=\"0\" allow=\"accelerometer; autoplay; clipboard-write; encrypted-media; gyroscope; picture-in-picture\" allowfullscreen><\/iframe>\n<\/div><\/figure>\n\n\n\n<p>Tamb\u00e9m\nestamos nas redes sociais como @casalviajuntos.<\/p>\n","protected":false},"excerpt":{"rendered":"<p>Este passeio foi indica\u00e7\u00e3o de uma amiga querida, a prof\u00aa Let\u00edcia, que por sua vez, soube por uma sobrinha. Assim, [&hellip;]<\/p>\n","protected":false},"author":2,"featured_media":12968,"comment_status":"open","ping_status":"open","sticky":false,"template":"","format":"standard","meta":[],"categories":[1],"tags":[],"_links":{"self":[{"href":"https:\/\/viajuntos.com.br\/wordpress\/wp-json\/wp\/v2\/posts\/12955"}],"collection":[{"href":"https:\/\/viajuntos.com.br\/wordpress\/wp-json\/wp\/v2\/posts"}],"about":[{"href":"https:\/\/viajuntos.com.br\/wordpress\/wp-json\/wp\/v2\/types\/post"}],"author":[{"embeddable":true,"href":"https:\/\/viajuntos.com.br\/wordpress\/wp-json\/wp\/v2\/users\/2"}],"replies":[{"embeddable":true,"href":"https:\/\/viajuntos.com.br\/wordpress\/wp-json\/wp\/v2\/comments?post=12955"}],"version-history":[{"count":3,"href":"https:\/\/viajuntos.com.br\/wordpress\/wp-json\/wp\/v2\/posts\/12955\/revisions"}],"predecessor-version":[{"id":13007,"href":"https:\/\/viajuntos.com.br\/wordpress\/wp-json\/wp\/v2\/posts\/12955\/revisions\/13007"}],"wp:featuredmedia":[{"embeddable":true,"href":"https:\/\/viajuntos.com.br\/wordpress\/wp-json\/wp\/v2\/media\/12968"}],"wp:attachment":[{"href":"https:\/\/viajuntos.com.br\/wordpress\/wp-json\/wp\/v2\/media?parent=12955"}],"wp:term":[{"taxonomy":"category","embeddable":true,"href":"https:\/\/viajuntos.com.br\/wordpress\/wp-json\/wp\/v2\/categories?post=12955"},{"taxonomy":"post_tag","embeddable":true,"href":"https:\/\/viajuntos.com.br\/wordpress\/wp-json\/wp\/v2\/tags?post=12955"}],"curies":[{"name":"wp","href":"https:\/\/api.w.org\/{rel}","templated":true}]}}